{"id":3561,"date":"2022-09-12T14:31:16","date_gmt":"2022-09-12T14:31:16","guid":{"rendered":"https:\/\/villiger-security.com\/villiger-no-asistira-a-security-essen-2022\/"},"modified":"2022-09-19T12:39:41","modified_gmt":"2022-09-19T12:39:41","slug":"villiger-no-asistira-a-security-essen-2022","status":"publish","type":"post","link":"https:\/\/villiger-security.com\/es\/villiger-no-asistira-a-security-essen-2022\/","title":{"rendered":"VILLIGER no asistir\u00e1 a Security Essen 2022"},"content":{"rendered":"<p>[et_pb_section fb_built=\u00bb1&#8243; _builder_version=\u00bb4.16&#8243; global_colors_info=\u00bb{}\u00bb][et_pb_row _builder_version=\u00bb4.16&#8243; background_size=\u00bbinitial\u00bb background_position=\u00bbtop_left\u00bb background_repeat=\u00bbrepeat\u00bb global_colors_info=\u00bb{}\u00bb][et_pb_column type=\u00bb4_4&#8243; _builder_version=\u00bb4.16&#8243; custom_padding=\u00bb|||\u00bb global_colors_info=\u00bb{}\u00bb custom_padding__hover=\u00bb|||\u00bb][et_pb_text _builder_version=\u00bb4.17.6&#8243; _module_preset=\u00bbdefault\u00bb global_colors_info=\u00bb{}\u00bb]<\/p>\n<h2 class=\"title style-scope ytd-video-primary-info-renderer\"><yt-formatted-string force-default-style=\"\" class=\"style-scope ytd-video-primary-info-renderer\"><\/p>\n<h1 data-pm-slice=\"1 1 []\"><span style=\"font-size: 26px;\">Corona ha puesto patas arriba el sector de las ferias.<\/span><\/h1>\n<p><\/yt-formatted-string><\/h2>\n<p>[\/et_pb_text][et_pb_text _builder_version=\u00bb4.17.6&#8243; background_size=\u00bbinitial\u00bb background_position=\u00bbtop_left\u00bb background_repeat=\u00bbrepeat\u00bb global_colors_info=\u00bb{}\u00bb]<\/p>\n<p>Vivimos en una \u00e9poca de crisis y todos los implicados tienen que pensar en c\u00f3mo se pueden gestionar las ferias de forma m\u00e1s flexible. Para VILLIGER, por ejemplo, se plantea la cuesti\u00f3n de si en el futuro no pensaremos siempre en los h\u00edbridos. Por supuesto, el tipo de planificaci\u00f3n en el que se basa la feria no puede cambiarse sin m\u00e1s. Tras la cancelaci\u00f3n de la feria Security Essen durante la pandemia, VILLIGER se tom\u00f3 el tiempo necesario para relacionarse directamente con los clientes. Para VILLIGER, este paso ha sido el m\u00e1s <u>positivo<\/u> y acogido por todos nuestros clientes.<\/p>\n<p data-pm-slice=\"1 1 []\">VILLIGER ha dejado de ser un mero proveedor de productos para pasar a escuchar y satisfacer las demandas de los clientes.<br \/>2022 ha sido el a\u00f1o m\u00e1s productivo para VILLIGER al proporcionar la<strong><br \/>\n  <u> la mayor base instalada de operaciones de 1 hombre (OMO) a nivel mundial.<\/u><br \/>\n<\/strong><\/p>\n<p>[\/et_pb_text][\/et_pb_column][\/et_pb_row][et_pb_row column_structure=\u00bb1_3,1_3,1_3&#8243; _builder_version=\u00bb4.17.6&#8243; _module_preset=\u00bbdefault\u00bb global_colors_info=\u00bb{}\u00bb][et_pb_column type=\u00bb1_3&#8243; _builder_version=\u00bb4.17.6&#8243; _module_preset=\u00bbdefault\u00bb global_colors_info=\u00bb{}\u00bb][et_pb_image src=\u00bbhttps:\/\/villiger-security.com\/wp-content\/uploads\/cfe50a50-5e4a-4b2e-9250-6328e1fa2101.jpg\u00bb title_text=\u00bbcfe50a50-5e4a-4b2e-9250-6328e1fa2101&#8243; _builder_version=\u00bb4.17.6&#8243; _module_preset=\u00bbdefault\u00bb module_alignment=\u00bbcenter\u00bb global_colors_info=\u00bb{}\u00bb][\/et_pb_image][\/et_pb_column][et_pb_column type=\u00bb1_3&#8243; _builder_version=\u00bb4.17.6&#8243; _module_preset=\u00bbdefault\u00bb global_colors_info=\u00bb{}\u00bb][et_pb_image src=\u00bbhttps:\/\/villiger-security.com\/wp-content\/uploads\/WhatsApp-Image-2022-06-03-at-10.12.11-AM.jpeg\u00bb title_text=\u00bbImagen de WhatsApp 2022-06-03 a las 10.12.11 AM\u00bb _builder_version=\u00bb4.17.6&#8243; _module_preset=\u00bbdefault\u00bb max_width=\u00bb75%\u00bb module_alignment=\u00bbcenter\u00bb global_colors_info=\u00bb{}\u00bb][\/et_pb_image][\/et_pb_column][et_pb_column type=\u00bb1_3&#8243; _builder_version=\u00bb4.17.6&#8243; _module_preset=\u00bbdefault\u00bb global_colors_info=\u00bb{}\u00bb][et_pb_image src=\u00bbhttps:\/\/villiger-security.com\/wp-content\/uploads\/0378f4e9-c7a9-4db6-aa59-5246e58b1e54.jpg\u00bb title_text=\u00bb0378f4e9-c7a9-4db6-aa59-5246e58b1e54&#8243; _builder_version=\u00bb4.17.6&#8243; _module_preset=\u00bbdefault\u00bb max_width=\u00bb75%\u00bb module_alignment=\u00bbcenter\u00bb global_colors_info=\u00bb{}\u00bb][\/et_pb_image][\/et_pb_column][\/et_pb_row][et_pb_row _builder_version=\u00bb4.17.6&#8243; _module_preset=\u00bbdefault\u00bb global_colors_info=\u00bb{}\u00bb][et_pb_column type=\u00bb4_4&#8243; _builder_version=\u00bb4.17.6&#8243; _module_preset=\u00bbdefault\u00bb global_colors_info=\u00bb{}\u00bb][et_pb_text _builder_version=\u00bb4.17.6&#8243; background_size=\u00bbinitial\u00bb background_position=\u00bbtop_left\u00bb background_repeat=\u00bbrepeat\u00bb global_colors_info=\u00bb{}\u00bb]<\/p>\n<p>Los socios han comprobado la eficacia y la rentabilidad de utilizar las soluciones OMO de VILLIGER.<br \/>El suministro de productos de seguridad es la norma en el sector. Los clientes buscan ahora soluciones que reduzcan los costes, aumenten la eficacia y a\u00f1adan flexibilidad a sus operaciones.<\/p>\n<p>VILLIGER ha cancelado la asistencia a la visita de Security Essen 2022. VILLIGER aumenta su enfoque en el cumplimiento de las expectativas de nuestros clientes cercanos para los proyectos en 2022\/2023. VILLIGER contin\u00faa con el objetivo de proporcionar la soluci\u00f3n m\u00e1s innovadora al sector del efectivo en 2022\/23 y crear la diferencia que nuestro sector y nuestros clientes necesitan para superar los obst\u00e1culos que se avecinan.<\/p>\n<p>En 2022 VILLIGER ha demostrado su calidad con una <strong><br \/>\n  <u>0.05%<\/u><br \/>\n<\/strong> tasa de activaci\u00f3n falsa.<br \/><span>La atenci\u00f3n al cliente ha sido importante porque ha <strong>inspirado su fidelidad. <\/strong>Esto, a su vez, ayud\u00f3 a que sus negocios crecieran. Cada cliente tiene una percepci\u00f3n diferente de lo que significa para \u00e9l la seguridad y la eficiencia. VILLIGER ten\u00eda que ofrecer buenos servicios y ten\u00eda que entender c\u00f3mo satisfacer esas necesidades. Centrarnos en las visitas de los clientes y dise\u00f1ar el futuro junto a ellos como un equipo nos ha puesto en un camino diferente para la industria.  <\/span>Estamos orgullosos de ofrecer y trabajar estrechamente con nuestros clientes para el futuro.<\/p>\n<p>[\/et_pb_text][et_pb_button button_url=\u00bbhttps:\/\/villiger-security.com\/es\/contacte-con\/\u00bb button_text=\u00bbP\u00f3ngase en contacto con nosotros para obtener m\u00e1s informaci\u00f3n\u00bb button_alignment=\u00bbcenter\u00bb _builder_version=\u00bb4.17.6&#8243; _module_preset=\u00bbdefault\u00bb custom_button=\u00bbon\u00bb button_bg_color=\u00bb#3a3a3a\u00bb global_colors_info=\u00bb{}\u00bb][\/et_pb_button][\/et_pb_column][\/et_pb_row][\/et_pb_section]<\/p>\n","protected":false},"excerpt":{"rendered":"<p>Corona ha puesto patas arriba el sector de las ferias. Vivimos en una \u00e9poca de crisis y todos los implicados tienen que pensar en c\u00f3mo se pueden gestionar las ferias de forma m\u00e1s flexible. Para VILLIGER, por ejemplo, se plantea la cuesti\u00f3n de si en el futuro no pensaremos siempre en los h\u00edbridos. Por supuesto, [&hellip;]<\/p>\n","protected":false},"author":2,"featured_media":3538,"comment_status":"closed","ping_status":"closed","sticky":false,"template":"","format":"standard","meta":{"_acf_changed":false,"_et_pb_use_builder":"on","_et_pb_old_content":"<p>Several brutal attacks on cash transports have recently been carried out in Switzerland. The perpetrators are extremely willing to use violence. The gangs work in a division of labor. Often more than 10 attackers are involved in a robbery.<\/p><h2>The incentive \u2013 to get the cash \u2013 has to be stopped.<\/h2><p>The safest way to do this is through the use of systems such as the VALOREN BOX. It ensures that the cash is rendered worthless in the event of a robbery.<\/p><p>The IBNS secured Valoren Box corresponds to the state of the art and enables effective protection of cash even for larger- banknotes \/ sums per transport. The box\u2019s technology is based on proven ink and electronic components.<\/p>","_et_gb_content_width":"","footnotes":""},"categories":[141,140],"tags":[],"class_list":["post-3561","post","type-post","status-publish","format-standard","has-post-thumbnail","hentry","category-cash-industry-es","category-economy-es"],"acf":[],"yoast_head":"<!-- This site is optimized with the Yoast SEO plugin v26.7 - https:\/\/yoast.com\/wordpress\/plugins\/seo\/ -->\n<title>VILLIGER no asistir\u00e1 a Security Essen 2022 - Villiger Security Solutions AG<\/title>\n<meta name=\"robots\" content=\"index, follow, max-snippet:-1, max-image-preview:large, max-video-preview:-1\" \/>\n<link rel=\"canonical\" href=\"https:\/\/villiger-security.com\/es\/villiger-no-asistira-a-security-essen-2022\/\" \/>\n<meta property=\"og:locale\" content=\"es_ES\" \/>\n<meta property=\"og:type\" content=\"article\" \/>\n<meta property=\"og:title\" content=\"VILLIGER no asistir\u00e1 a Security Essen 2022 - Villiger Security Solutions AG\" \/>\n<meta property=\"og:description\" content=\"Corona ha puesto patas arriba el sector de las ferias. Vivimos en una \u00e9poca de crisis y todos los implicados tienen que pensar en c\u00f3mo se pueden gestionar las ferias de forma m\u00e1s flexible. Para VILLIGER, por ejemplo, se plantea la cuesti\u00f3n de si en el futuro no pensaremos siempre en los h\u00edbridos. Por supuesto, [&hellip;]\" \/>\n<meta property=\"og:url\" content=\"https:\/\/villiger-security.com\/es\/villiger-no-asistira-a-security-essen-2022\/\" \/>\n<meta property=\"og:site_name\" content=\"Villiger Security Solutions AG\" \/>\n<meta property=\"article:published_time\" content=\"2022-09-12T14:31:16+00:00\" \/>\n<meta property=\"article:modified_time\" content=\"2022-09-19T12:39:41+00:00\" \/>\n<meta property=\"og:image\" content=\"https:\/\/villiger-security.com\/wp-content\/uploads\/Image_1.png\" \/>\n\t<meta property=\"og:image:width\" content=\"676\" \/>\n\t<meta property=\"og:image:height\" content=\"316\" \/>\n\t<meta property=\"og:image:type\" content=\"image\/png\" \/>\n<meta name=\"author\" content=\"stephan\" \/>\n<meta name=\"twitter:card\" content=\"summary_large_image\" \/>\n<meta name=\"twitter:label1\" content=\"Escrito por\" \/>\n\t<meta name=\"twitter:data1\" content=\"stephan\" \/>\n\t<meta name=\"twitter:label2\" content=\"Tiempo de lectura\" \/>\n\t<meta name=\"twitter:data2\" content=\"4 minutos\" \/>\n<script type=\"application\/ld+json\" class=\"yoast-schema-graph\">{\"@context\":\"https:\/\/schema.org\",\"@graph\":[{\"@type\":\"Article\",\"@id\":\"https:\/\/villiger-security.com\/es\/villiger-no-asistira-a-security-essen-2022\/#article\",\"isPartOf\":{\"@id\":\"https:\/\/villiger-security.com\/es\/villiger-no-asistira-a-security-essen-2022\/\"},\"author\":{\"name\":\"stephan\",\"@id\":\"https:\/\/villiger-security.com\/es\/#\/schema\/person\/64b3b88810c9621001f9d3096f0f072f\"},\"headline\":\"VILLIGER no asistir\u00e1 a Security Essen 2022\",\"datePublished\":\"2022-09-12T14:31:16+00:00\",\"dateModified\":\"2022-09-19T12:39:41+00:00\",\"mainEntityOfPage\":{\"@id\":\"https:\/\/villiger-security.com\/es\/villiger-no-asistira-a-security-essen-2022\/\"},\"wordCount\":776,\"image\":{\"@id\":\"https:\/\/villiger-security.com\/es\/villiger-no-asistira-a-security-essen-2022\/#primaryimage\"},\"thumbnailUrl\":\"https:\/\/villiger-security.com\/wp-content\/uploads\/Image_1.png\",\"articleSection\":[\"Cash Industry\",\"Economy\"],\"inLanguage\":\"es\"},{\"@type\":\"WebPage\",\"@id\":\"https:\/\/villiger-security.com\/es\/villiger-no-asistira-a-security-essen-2022\/\",\"url\":\"https:\/\/villiger-security.com\/es\/villiger-no-asistira-a-security-essen-2022\/\",\"name\":\"VILLIGER no asistir\u00e1 a Security Essen 2022 - Villiger Security Solutions AG\",\"isPartOf\":{\"@id\":\"https:\/\/villiger-security.com\/es\/#website\"},\"primaryImageOfPage\":{\"@id\":\"https:\/\/villiger-security.com\/es\/villiger-no-asistira-a-security-essen-2022\/#primaryimage\"},\"image\":{\"@id\":\"https:\/\/villiger-security.com\/es\/villiger-no-asistira-a-security-essen-2022\/#primaryimage\"},\"thumbnailUrl\":\"https:\/\/villiger-security.com\/wp-content\/uploads\/Image_1.png\",\"datePublished\":\"2022-09-12T14:31:16+00:00\",\"dateModified\":\"2022-09-19T12:39:41+00:00\",\"author\":{\"@id\":\"https:\/\/villiger-security.com\/es\/#\/schema\/person\/64b3b88810c9621001f9d3096f0f072f\"},\"breadcrumb\":{\"@id\":\"https:\/\/villiger-security.com\/es\/villiger-no-asistira-a-security-essen-2022\/#breadcrumb\"},\"inLanguage\":\"es\",\"potentialAction\":[{\"@type\":\"ReadAction\",\"target\":[\"https:\/\/villiger-security.com\/es\/villiger-no-asistira-a-security-essen-2022\/\"]}]},{\"@type\":\"ImageObject\",\"inLanguage\":\"es\",\"@id\":\"https:\/\/villiger-security.com\/es\/villiger-no-asistira-a-security-essen-2022\/#primaryimage\",\"url\":\"https:\/\/villiger-security.com\/wp-content\/uploads\/Image_1.png\",\"contentUrl\":\"https:\/\/villiger-security.com\/wp-content\/uploads\/Image_1.png\",\"width\":676,\"height\":316},{\"@type\":\"BreadcrumbList\",\"@id\":\"https:\/\/villiger-security.com\/es\/villiger-no-asistira-a-security-essen-2022\/#breadcrumb\",\"itemListElement\":[{\"@type\":\"ListItem\",\"position\":1,\"name\":\"Home\",\"item\":\"https:\/\/villiger-security.com\/es\/\"},{\"@type\":\"ListItem\",\"position\":2,\"name\":\"VILLIGER no asistir\u00e1 a Security Essen 2022\"}]},{\"@type\":\"WebSite\",\"@id\":\"https:\/\/villiger-security.com\/es\/#website\",\"url\":\"https:\/\/villiger-security.com\/es\/\",\"name\":\"Villiger Security Solutions AG\",\"description\":\"Innovate the future of cash\",\"potentialAction\":[{\"@type\":\"SearchAction\",\"target\":{\"@type\":\"EntryPoint\",\"urlTemplate\":\"https:\/\/villiger-security.com\/es\/?s={search_term_string}\"},\"query-input\":{\"@type\":\"PropertyValueSpecification\",\"valueRequired\":true,\"valueName\":\"search_term_string\"}}],\"inLanguage\":\"es\"},{\"@type\":\"Person\",\"@id\":\"https:\/\/villiger-security.com\/es\/#\/schema\/person\/64b3b88810c9621001f9d3096f0f072f\",\"name\":\"stephan\",\"image\":{\"@type\":\"ImageObject\",\"inLanguage\":\"es\",\"@id\":\"https:\/\/villiger-security.com\/es\/#\/schema\/person\/image\/\",\"url\":\"https:\/\/secure.gravatar.com\/avatar\/cc4e473507d83da028e599dc439aea9c9e9c75a5511e3ca93ba8360b7278b8b3?s=96&d=mm&r=g\",\"contentUrl\":\"https:\/\/secure.gravatar.com\/avatar\/cc4e473507d83da028e599dc439aea9c9e9c75a5511e3ca93ba8360b7278b8b3?s=96&d=mm&r=g\",\"caption\":\"stephan\"},\"url\":\"https:\/\/villiger-security.com\/es\/author\/stephan\/\"}]}<\/script>\n<!-- \/ Yoast SEO plugin. -->","yoast_head_json":{"title":"VILLIGER no asistir\u00e1 a Security Essen 2022 - Villiger Security Solutions AG","robots":{"index":"index","follow":"follow","max-snippet":"max-snippet:-1","max-image-preview":"max-image-preview:large","max-video-preview":"max-video-preview:-1"},"canonical":"https:\/\/villiger-security.com\/es\/villiger-no-asistira-a-security-essen-2022\/","og_locale":"es_ES","og_type":"article","og_title":"VILLIGER no asistir\u00e1 a Security Essen 2022 - Villiger Security Solutions AG","og_description":"Corona ha puesto patas arriba el sector de las ferias. Vivimos en una \u00e9poca de crisis y todos los implicados tienen que pensar en c\u00f3mo se pueden gestionar las ferias de forma m\u00e1s flexible. Para VILLIGER, por ejemplo, se plantea la cuesti\u00f3n de si en el futuro no pensaremos siempre en los h\u00edbridos. Por supuesto, [&hellip;]","og_url":"https:\/\/villiger-security.com\/es\/villiger-no-asistira-a-security-essen-2022\/","og_site_name":"Villiger Security Solutions AG","article_published_time":"2022-09-12T14:31:16+00:00","article_modified_time":"2022-09-19T12:39:41+00:00","og_image":[{"width":676,"height":316,"url":"https:\/\/villiger-security.com\/wp-content\/uploads\/Image_1.png","type":"image\/png"}],"author":"stephan","twitter_card":"summary_large_image","twitter_misc":{"Escrito por":"stephan","Tiempo de lectura":"4 minutos"},"schema":{"@context":"https:\/\/schema.org","@graph":[{"@type":"Article","@id":"https:\/\/villiger-security.com\/es\/villiger-no-asistira-a-security-essen-2022\/#article","isPartOf":{"@id":"https:\/\/villiger-security.com\/es\/villiger-no-asistira-a-security-essen-2022\/"},"author":{"name":"stephan","@id":"https:\/\/villiger-security.com\/es\/#\/schema\/person\/64b3b88810c9621001f9d3096f0f072f"},"headline":"VILLIGER no asistir\u00e1 a Security Essen 2022","datePublished":"2022-09-12T14:31:16+00:00","dateModified":"2022-09-19T12:39:41+00:00","mainEntityOfPage":{"@id":"https:\/\/villiger-security.com\/es\/villiger-no-asistira-a-security-essen-2022\/"},"wordCount":776,"image":{"@id":"https:\/\/villiger-security.com\/es\/villiger-no-asistira-a-security-essen-2022\/#primaryimage"},"thumbnailUrl":"https:\/\/villiger-security.com\/wp-content\/uploads\/Image_1.png","articleSection":["Cash Industry","Economy"],"inLanguage":"es"},{"@type":"WebPage","@id":"https:\/\/villiger-security.com\/es\/villiger-no-asistira-a-security-essen-2022\/","url":"https:\/\/villiger-security.com\/es\/villiger-no-asistira-a-security-essen-2022\/","name":"VILLIGER no asistir\u00e1 a Security Essen 2022 - Villiger Security Solutions AG","isPartOf":{"@id":"https:\/\/villiger-security.com\/es\/#website"},"primaryImageOfPage":{"@id":"https:\/\/villiger-security.com\/es\/villiger-no-asistira-a-security-essen-2022\/#primaryimage"},"image":{"@id":"https:\/\/villiger-security.com\/es\/villiger-no-asistira-a-security-essen-2022\/#primaryimage"},"thumbnailUrl":"https:\/\/villiger-security.com\/wp-content\/uploads\/Image_1.png","datePublished":"2022-09-12T14:31:16+00:00","dateModified":"2022-09-19T12:39:41+00:00","author":{"@id":"https:\/\/villiger-security.com\/es\/#\/schema\/person\/64b3b88810c9621001f9d3096f0f072f"},"breadcrumb":{"@id":"https:\/\/villiger-security.com\/es\/villiger-no-asistira-a-security-essen-2022\/#breadcrumb"},"inLanguage":"es","potentialAction":[{"@type":"ReadAction","target":["https:\/\/villiger-security.com\/es\/villiger-no-asistira-a-security-essen-2022\/"]}]},{"@type":"ImageObject","inLanguage":"es","@id":"https:\/\/villiger-security.com\/es\/villiger-no-asistira-a-security-essen-2022\/#primaryimage","url":"https:\/\/villiger-security.com\/wp-content\/uploads\/Image_1.png","contentUrl":"https:\/\/villiger-security.com\/wp-content\/uploads\/Image_1.png","width":676,"height":316},{"@type":"BreadcrumbList","@id":"https:\/\/villiger-security.com\/es\/villiger-no-asistira-a-security-essen-2022\/#breadcrumb","itemListElement":[{"@type":"ListItem","position":1,"name":"Home","item":"https:\/\/villiger-security.com\/es\/"},{"@type":"ListItem","position":2,"name":"VILLIGER no asistir\u00e1 a Security Essen 2022"}]},{"@type":"WebSite","@id":"https:\/\/villiger-security.com\/es\/#website","url":"https:\/\/villiger-security.com\/es\/","name":"Villiger Security Solutions AG","description":"Innovate the future of cash","potentialAction":[{"@type":"SearchAction","target":{"@type":"EntryPoint","urlTemplate":"https:\/\/villiger-security.com\/es\/?s={search_term_string}"},"query-input":{"@type":"PropertyValueSpecification","valueRequired":true,"valueName":"search_term_string"}}],"inLanguage":"es"},{"@type":"Person","@id":"https:\/\/villiger-security.com\/es\/#\/schema\/person\/64b3b88810c9621001f9d3096f0f072f","name":"stephan","image":{"@type":"ImageObject","inLanguage":"es","@id":"https:\/\/villiger-security.com\/es\/#\/schema\/person\/image\/","url":"https:\/\/secure.gravatar.com\/avatar\/cc4e473507d83da028e599dc439aea9c9e9c75a5511e3ca93ba8360b7278b8b3?s=96&d=mm&r=g","contentUrl":"https:\/\/secure.gravatar.com\/avatar\/cc4e473507d83da028e599dc439aea9c9e9c75a5511e3ca93ba8360b7278b8b3?s=96&d=mm&r=g","caption":"stephan"},"url":"https:\/\/villiger-security.com\/es\/author\/stephan\/"}]}},"_links":{"self":[{"href":"https:\/\/villiger-security.com\/es\/wp-json\/wp\/v2\/posts\/3561","targetHints":{"allow":["GET"]}}],"collection":[{"href":"https:\/\/villiger-security.com\/es\/wp-json\/wp\/v2\/posts"}],"about":[{"href":"https:\/\/villiger-security.com\/es\/wp-json\/wp\/v2\/types\/post"}],"author":[{"embeddable":true,"href":"https:\/\/villiger-security.com\/es\/wp-json\/wp\/v2\/users\/2"}],"replies":[{"embeddable":true,"href":"https:\/\/villiger-security.com\/es\/wp-json\/wp\/v2\/comments?post=3561"}],"version-history":[{"count":0,"href":"https:\/\/villiger-security.com\/es\/wp-json\/wp\/v2\/posts\/3561\/revisions"}],"wp:featuredmedia":[{"embeddable":true,"href":"https:\/\/villiger-security.com\/es\/wp-json\/wp\/v2\/media\/3538"}],"wp:attachment":[{"href":"https:\/\/villiger-security.com\/es\/wp-json\/wp\/v2\/media?parent=3561"}],"wp:term":[{"taxonomy":"category","embeddable":true,"href":"https:\/\/villiger-security.com\/es\/wp-json\/wp\/v2\/categories?post=3561"},{"taxonomy":"post_tag","embeddable":true,"href":"https:\/\/villiger-security.com\/es\/wp-json\/wp\/v2\/tags?post=3561"}],"curies":[{"name":"wp","href":"https:\/\/api.w.org\/{rel}","templated":true}]}}