{"id":3571,"date":"2022-09-12T14:31:16","date_gmt":"2022-09-12T14:31:16","guid":{"rendered":"https:\/\/villiger-security.com\/villiger-wird-nicht-an-der-security-essen-2022-teilnehmen\/"},"modified":"2022-09-19T12:39:41","modified_gmt":"2022-09-19T12:39:41","slug":"villiger-wird-nicht-an-der-security-essen-2022-teilnehmen","status":"publish","type":"post","link":"https:\/\/villiger-security.com\/de\/villiger-wird-nicht-an-der-security-essen-2022-teilnehmen\/","title":{"rendered":"VILLIGER wird nicht an der Security Essen 2022 teilnehmen"},"content":{"rendered":"<p>[et_pb_section fb_built=&#8220;1&#8243; _builder_version=&#8220;4.16&#8243; global_colors_info=&#8220;{}&#8220;][et_pb_row _builder_version=&#8220;4.16&#8243; background_size=&#8220;initial&#8220; background_position=&#8220;top_left&#8220; background_repeat=&#8220;repeat&#8220; global_colors_info=&#8220;{}&#8220;][et_pb_column type=&#8220;4_4&#8243; _builder_version=&#8220;4.16&#8243; custom_padding=&#8220;|||&#8220; global_colors_info=&#8220;{}&#8220; custom_padding__hover=&#8220;|||&#8220;][et_pb_text _builder_version=&#8220;4.17.6&#8243; _module_preset=&#8220;default&#8220; global_colors_info=&#8220;{}&#8220;]<\/p>\n<h2 class=\"title style-scope ytd-video-primary-info-renderer\"><yt-formatted-string force-default-style=\"\" class=\"style-scope ytd-video-primary-info-renderer\"><\/p>\n<h1 data-pm-slice=\"1 1 []\"><span style=\"font-size: 26px;\">Corona hat die Messewirtschaft auf den Kopf gestellt.<\/span><\/h1>\n<p><\/yt-formatted-string><\/h2>\n<p>[\/et_pb_text][et_pb_text _builder_version=&#8220;4.17.6&#8243; background_size=&#8220;initial&#8220; background_position=&#8220;top_left&#8220; background_repeat=&#8220;repeat&#8220; global_colors_info=&#8220;{}&#8220;]<\/p>\n<p>Wir leben in einem Zeitalter der Krisen und alle Beteiligten m\u00fcssen dar\u00fcber nachdenken, wie Messen flexibler gestaltet werden k\u00f6nnen. F\u00fcr VILLIGER stellt sich zum Beispiel die Frage, ob wir in Zukunft nicht ohnehin immer \u00fcber Hybride nachdenken werden. Nat\u00fcrlich kann die Art der Planung, die der Messe zugrunde liegt, nicht einfach ge\u00e4ndert werden. Nachdem die Messe Security Essen w\u00e4hrend der Pandemie abgesagt wurde, hat VILLIGER die Zeit genutzt, um direkt mit den Kunden in Kontakt zu treten. Dies hat sich f\u00fcr VILLIGER als der <u>positivste<\/u> und von allen unseren Kunden am meisten begr\u00fc\u00dfte Schritt erwiesen.<\/p>\n<p data-pm-slice=\"1 1 []\">VILLIGER hat sich von einem reinen Produktanbieter zu einem Unternehmen entwickelt, das auf die Bed\u00fcrfnisse seiner Kunden eingeht.<br \/>2022 war das produktivste Jahr f\u00fcr VILLIGER mit der Bereitstellung der<strong><br \/>\n  <u> gr\u00f6\u00dfte installierte 1-Mann-Basis (OMO) weltweit.<\/u><br \/>\n<\/strong><\/p>\n<p>[\/et_pb_text][\/et_pb_column][\/et_pb_row][et_pb_row column_structure=&#8220;1_3,1_3,1_3&#8243; _builder_version=&#8220;4.17.6&#8243; _module_preset=&#8220;default&#8220; global_colors_info=&#8220;{}&#8220;][et_pb_column type=&#8220;1_3&#8243; _builder_version=&#8220;4.17.6&#8243; _module_preset=&#8220;default&#8220; global_colors_info=&#8220;{}&#8220;][et_pb_image src=&#8220;https:\/\/villiger-security.com\/wp-content\/uploads\/cfe50a50-5e4a-4b2e-9250-6328e1fa2101.jpg&#8220; title_text=&#8220;cfe50a50-5e4a-4b2e-9250-6328e1fa2101&#8243; _builder_version=&#8220;4.17.6&#8243; _module_preset=&#8220;default&#8220; module_alignment=&#8220;center&#8220; global_colors_info=&#8220;{}&#8220;][\/et_pb_image][\/et_pb_column][et_pb_column type=&#8220;1_3&#8243; _builder_version=&#8220;4.17.6&#8243; _module_preset=&#8220;default&#8220; global_colors_info=&#8220;{}&#8220;][et_pb_image src=&#8220;https:\/\/villiger-security.com\/wp-content\/uploads\/WhatsApp-Image-2022-06-03-at-10.12.11-AM.jpeg&#8220; title_text=&#8220;WhatsApp Bild 2022-06-03 um 10.12.11 Uhr&#8220; _builder_version=&#8220;4.17.6&#8243; _module_preset=&#8220;default&#8220; max_width=&#8220;75%&#8220; module_alignment=&#8220;center&#8220; global_colors_info=&#8220;{}&#8220;][\/et_pb_image][\/et_pb_column][et_pb_column type=&#8220;1_3&#8243; _builder_version=&#8220;4.17.6&#8243; _module_preset=&#8220;default&#8220; global_colors_info=&#8220;{}&#8220;][et_pb_image src=&#8220;https:\/\/villiger-security.com\/wp-content\/uploads\/0378f4e9-c7a9-4db6-aa59-5246e58b1e54.jpg&#8220; title_text=&#8220;0378f4e9-c7a9-4db6-aa59-5246e58b1e54&#8243; _builder_version=&#8220;4.17.6&#8243; _module_preset=&#8220;default&#8220; max_width=&#8220;75%&#8220; module_alignment=&#8220;center&#8220; global_colors_info=&#8220;{}&#8220;][\/et_pb_image][\/et_pb_column][\/et_pb_row][et_pb_row _builder_version=&#8220;4.17.6&#8243; _module_preset=&#8220;default&#8220; global_colors_info=&#8220;{}&#8220;][et_pb_column type=&#8220;4_4&#8243; _builder_version=&#8220;4.17.6&#8243; _module_preset=&#8220;default&#8220; global_colors_info=&#8220;{}&#8220;][et_pb_text _builder_version=&#8220;4.17.6&#8243; background_size=&#8220;initial&#8220; background_position=&#8220;top_left&#8220; background_repeat=&#8220;repeat&#8220; global_colors_info=&#8220;{}&#8220;]<\/p>\n<p>Die Partner haben die Wirksamkeit und die Rentabilit\u00e4t der OMO-L\u00f6sungen von VILLIGER erkannt.<br \/>Die Bereitstellung von Sicherheitsprodukten ist der Standard in der Branche. Die Kunden suchen heute nach L\u00f6sungen zur Kostensenkung, zur Steigerung der Effizienz und zur Erh\u00f6hung der Flexibilit\u00e4t ihrer Abl\u00e4ufe.<\/p>\n<p>VILLIGER hat die Teilnahme am Besuch der Security Essen 2022 abgesagt. VILLIGER konzentriert sich verst\u00e4rkt auf die Erf\u00fcllung der Erwartungen unserer engen Kunden f\u00fcr die Projekte 2022\/2023. VILLIGER verfolgt weiterhin das Ziel, die innovativste L\u00f6sung f\u00fcr die Bargeldbranche im Jahr 2022\/23 anzubieten und den Unterschied zu schaffen, den unsere Branche und unsere Kunden brauchen, um die vor ihnen liegenden Hindernisse zu \u00fcberwinden.<\/p>\n<p>Im Jahr 2022 hat VILLIGER seine Qualit\u00e4t mit einer unterdurchschnittlichen <strong><br \/>\n  <u>0.05%<\/u><br \/>\n<\/strong> Falschaktivierungsrate bewiesen.<br \/><span>Die Kundenorientierung war wichtig, weil <strong>sie die Loyalit\u00e4t der Kunden f\u00f6rderte. <\/strong>Dies wiederum hat zum Wachstum ihrer Unternehmen beigetragen. Jeder Kunde hat eine andere Vorstellung davon, was Sicherheit und Effizienz f\u00fcr ihn bedeuten. VILLIGER musste gute Dienstleistungen anbieten und verstehen, wie man diese Bed\u00fcrfnisse erf\u00fcllen kann. Die Konzentration auf Kundenbesuche und die Gestaltung der Zukunft gemeinsam mit ihnen als Team hat uns auf einen anderen Weg in der Branche gebracht.  <\/span>Wir sind stolz darauf, dass wir auch in Zukunft eng mit unseren Kunden zusammenarbeiten werden.<\/p>\n<p>[\/et_pb_text][et_pb_button button_url=&#8220;https:\/\/villiger-security.com\/de\/kontakt\/&#8220; button_text=&#8220;Kontaktieren Sie uns f\u00fcr weitere Informationen&#8220; button_alignment=&#8220;center&#8220; _builder_version=&#8220;4.17.6&#8243; _module_preset=&#8220;default&#8220; custom_button=&#8220;on&#8220; button_bg_color=&#8220;#3a3a3a&#8220; global_colors_info=&#8220;{}&#8220;][\/et_pb_button][\/et_pb_column][\/et_pb_row][\/et_pb_section]<\/p>\n","protected":false},"excerpt":{"rendered":"<p>Corona hat die Messewirtschaft auf den Kopf gestellt. Wir leben in einem Zeitalter der Krisen und alle Beteiligten m\u00fcssen dar\u00fcber nachdenken, wie Messen flexibler gestaltet werden k\u00f6nnen. F\u00fcr VILLIGER stellt sich zum Beispiel die Frage, ob wir in Zukunft nicht ohnehin immer \u00fcber Hybride nachdenken werden. Nat\u00fcrlich kann die Art der Planung, die der Messe [&hellip;]<\/p>\n","protected":false},"author":2,"featured_media":3537,"comment_status":"closed","ping_status":"closed","sticky":false,"template":"","format":"standard","meta":{"_acf_changed":false,"_et_pb_use_builder":"on","_et_pb_old_content":"<p>Several brutal attacks on cash transports have recently been carried out in Switzerland. The perpetrators are extremely willing to use violence. The gangs work in a division of labor. Often more than 10 attackers are involved in a robbery.<\/p><h2>The incentive \u2013 to get the cash \u2013 has to be stopped.<\/h2><p>The safest way to do this is through the use of systems such as the VALOREN BOX. It ensures that the cash is rendered worthless in the event of a robbery.<\/p><p>The IBNS secured Valoren Box corresponds to the state of the art and enables effective protection of cash even for larger- banknotes \/ sums per transport. The box\u2019s technology is based on proven ink and electronic components.<\/p>","_et_gb_content_width":"","footnotes":""},"categories":[135,136],"tags":[],"class_list":["post-3571","post","type-post","status-publish","format-standard","has-post-thumbnail","hentry","category-cash-industry-de","category-economy-de"],"acf":[],"yoast_head":"<!-- This site is optimized with the Yoast SEO plugin v26.7 - https:\/\/yoast.com\/wordpress\/plugins\/seo\/ -->\n<title>VILLIGER wird nicht an der Security Essen 2022 teilnehmen - Villiger Security Solutions AG<\/title>\n<meta name=\"robots\" content=\"index, follow, max-snippet:-1, max-image-preview:large, max-video-preview:-1\" \/>\n<link rel=\"canonical\" href=\"https:\/\/villiger-security.com\/de\/villiger-wird-nicht-an-der-security-essen-2022-teilnehmen\/\" \/>\n<meta property=\"og:locale\" content=\"de_DE\" \/>\n<meta property=\"og:type\" content=\"article\" \/>\n<meta property=\"og:title\" content=\"VILLIGER wird nicht an der Security Essen 2022 teilnehmen - Villiger Security Solutions AG\" \/>\n<meta property=\"og:description\" content=\"Corona hat die Messewirtschaft auf den Kopf gestellt. Wir leben in einem Zeitalter der Krisen und alle Beteiligten m\u00fcssen dar\u00fcber nachdenken, wie Messen flexibler gestaltet werden k\u00f6nnen. F\u00fcr VILLIGER stellt sich zum Beispiel die Frage, ob wir in Zukunft nicht ohnehin immer \u00fcber Hybride nachdenken werden. Nat\u00fcrlich kann die Art der Planung, die der Messe [&hellip;]\" \/>\n<meta property=\"og:url\" content=\"https:\/\/villiger-security.com\/de\/villiger-wird-nicht-an-der-security-essen-2022-teilnehmen\/\" \/>\n<meta property=\"og:site_name\" content=\"Villiger Security Solutions AG\" \/>\n<meta property=\"article:published_time\" content=\"2022-09-12T14:31:16+00:00\" \/>\n<meta property=\"article:modified_time\" content=\"2022-09-19T12:39:41+00:00\" \/>\n<meta property=\"og:image\" content=\"https:\/\/villiger-security.com\/wp-content\/uploads\/Image_1.png\" \/>\n\t<meta property=\"og:image:width\" content=\"676\" \/>\n\t<meta property=\"og:image:height\" content=\"316\" \/>\n\t<meta property=\"og:image:type\" content=\"image\/png\" \/>\n<meta name=\"author\" content=\"stephan\" \/>\n<meta name=\"twitter:card\" content=\"summary_large_image\" \/>\n<meta name=\"twitter:label1\" content=\"Verfasst von\" \/>\n\t<meta name=\"twitter:data1\" content=\"stephan\" \/>\n\t<meta name=\"twitter:label2\" content=\"Gesch\u00e4tzte Lesezeit\" \/>\n\t<meta name=\"twitter:data2\" content=\"4\u00a0Minuten\" \/>\n<script type=\"application\/ld+json\" class=\"yoast-schema-graph\">{\"@context\":\"https:\/\/schema.org\",\"@graph\":[{\"@type\":\"Article\",\"@id\":\"https:\/\/villiger-security.com\/de\/villiger-wird-nicht-an-der-security-essen-2022-teilnehmen\/#article\",\"isPartOf\":{\"@id\":\"https:\/\/villiger-security.com\/de\/villiger-wird-nicht-an-der-security-essen-2022-teilnehmen\/\"},\"author\":{\"name\":\"stephan\",\"@id\":\"https:\/\/villiger-security.com\/de\/#\/schema\/person\/64b3b88810c9621001f9d3096f0f072f\"},\"headline\":\"VILLIGER wird nicht an der Security Essen 2022 teilnehmen\",\"datePublished\":\"2022-09-12T14:31:16+00:00\",\"dateModified\":\"2022-09-19T12:39:41+00:00\",\"mainEntityOfPage\":{\"@id\":\"https:\/\/villiger-security.com\/de\/villiger-wird-nicht-an-der-security-essen-2022-teilnehmen\/\"},\"wordCount\":744,\"image\":{\"@id\":\"https:\/\/villiger-security.com\/de\/villiger-wird-nicht-an-der-security-essen-2022-teilnehmen\/#primaryimage\"},\"thumbnailUrl\":\"https:\/\/villiger-security.com\/wp-content\/uploads\/Image_1.png\",\"articleSection\":[\"Cash Industry\",\"Economy\"],\"inLanguage\":\"de\"},{\"@type\":\"WebPage\",\"@id\":\"https:\/\/villiger-security.com\/de\/villiger-wird-nicht-an-der-security-essen-2022-teilnehmen\/\",\"url\":\"https:\/\/villiger-security.com\/de\/villiger-wird-nicht-an-der-security-essen-2022-teilnehmen\/\",\"name\":\"VILLIGER wird nicht an der Security Essen 2022 teilnehmen - Villiger Security Solutions AG\",\"isPartOf\":{\"@id\":\"https:\/\/villiger-security.com\/de\/#website\"},\"primaryImageOfPage\":{\"@id\":\"https:\/\/villiger-security.com\/de\/villiger-wird-nicht-an-der-security-essen-2022-teilnehmen\/#primaryimage\"},\"image\":{\"@id\":\"https:\/\/villiger-security.com\/de\/villiger-wird-nicht-an-der-security-essen-2022-teilnehmen\/#primaryimage\"},\"thumbnailUrl\":\"https:\/\/villiger-security.com\/wp-content\/uploads\/Image_1.png\",\"datePublished\":\"2022-09-12T14:31:16+00:00\",\"dateModified\":\"2022-09-19T12:39:41+00:00\",\"author\":{\"@id\":\"https:\/\/villiger-security.com\/de\/#\/schema\/person\/64b3b88810c9621001f9d3096f0f072f\"},\"breadcrumb\":{\"@id\":\"https:\/\/villiger-security.com\/de\/villiger-wird-nicht-an-der-security-essen-2022-teilnehmen\/#breadcrumb\"},\"inLanguage\":\"de\",\"potentialAction\":[{\"@type\":\"ReadAction\",\"target\":[\"https:\/\/villiger-security.com\/de\/villiger-wird-nicht-an-der-security-essen-2022-teilnehmen\/\"]}]},{\"@type\":\"ImageObject\",\"inLanguage\":\"de\",\"@id\":\"https:\/\/villiger-security.com\/de\/villiger-wird-nicht-an-der-security-essen-2022-teilnehmen\/#primaryimage\",\"url\":\"https:\/\/villiger-security.com\/wp-content\/uploads\/Image_1.png\",\"contentUrl\":\"https:\/\/villiger-security.com\/wp-content\/uploads\/Image_1.png\",\"width\":676,\"height\":316},{\"@type\":\"BreadcrumbList\",\"@id\":\"https:\/\/villiger-security.com\/de\/villiger-wird-nicht-an-der-security-essen-2022-teilnehmen\/#breadcrumb\",\"itemListElement\":[{\"@type\":\"ListItem\",\"position\":1,\"name\":\"Home\",\"item\":\"https:\/\/villiger-security.com\/de\/\"},{\"@type\":\"ListItem\",\"position\":2,\"name\":\"VILLIGER wird nicht an der Security Essen 2022 teilnehmen\"}]},{\"@type\":\"WebSite\",\"@id\":\"https:\/\/villiger-security.com\/de\/#website\",\"url\":\"https:\/\/villiger-security.com\/de\/\",\"name\":\"Villiger Security Solutions AG\",\"description\":\"Innovate the future of cash\",\"potentialAction\":[{\"@type\":\"SearchAction\",\"target\":{\"@type\":\"EntryPoint\",\"urlTemplate\":\"https:\/\/villiger-security.com\/de\/?s={search_term_string}\"},\"query-input\":{\"@type\":\"PropertyValueSpecification\",\"valueRequired\":true,\"valueName\":\"search_term_string\"}}],\"inLanguage\":\"de\"},{\"@type\":\"Person\",\"@id\":\"https:\/\/villiger-security.com\/de\/#\/schema\/person\/64b3b88810c9621001f9d3096f0f072f\",\"name\":\"stephan\",\"image\":{\"@type\":\"ImageObject\",\"inLanguage\":\"de\",\"@id\":\"https:\/\/villiger-security.com\/de\/#\/schema\/person\/image\/\",\"url\":\"https:\/\/secure.gravatar.com\/avatar\/cc4e473507d83da028e599dc439aea9c9e9c75a5511e3ca93ba8360b7278b8b3?s=96&d=mm&r=g\",\"contentUrl\":\"https:\/\/secure.gravatar.com\/avatar\/cc4e473507d83da028e599dc439aea9c9e9c75a5511e3ca93ba8360b7278b8b3?s=96&d=mm&r=g\",\"caption\":\"stephan\"},\"url\":\"https:\/\/villiger-security.com\/de\/author\/stephan\/\"}]}<\/script>\n<!-- \/ Yoast SEO plugin. -->","yoast_head_json":{"title":"VILLIGER wird nicht an der Security Essen 2022 teilnehmen - Villiger Security Solutions AG","robots":{"index":"index","follow":"follow","max-snippet":"max-snippet:-1","max-image-preview":"max-image-preview:large","max-video-preview":"max-video-preview:-1"},"canonical":"https:\/\/villiger-security.com\/de\/villiger-wird-nicht-an-der-security-essen-2022-teilnehmen\/","og_locale":"de_DE","og_type":"article","og_title":"VILLIGER wird nicht an der Security Essen 2022 teilnehmen - Villiger Security Solutions AG","og_description":"Corona hat die Messewirtschaft auf den Kopf gestellt. Wir leben in einem Zeitalter der Krisen und alle Beteiligten m\u00fcssen dar\u00fcber nachdenken, wie Messen flexibler gestaltet werden k\u00f6nnen. F\u00fcr VILLIGER stellt sich zum Beispiel die Frage, ob wir in Zukunft nicht ohnehin immer \u00fcber Hybride nachdenken werden. Nat\u00fcrlich kann die Art der Planung, die der Messe [&hellip;]","og_url":"https:\/\/villiger-security.com\/de\/villiger-wird-nicht-an-der-security-essen-2022-teilnehmen\/","og_site_name":"Villiger Security Solutions AG","article_published_time":"2022-09-12T14:31:16+00:00","article_modified_time":"2022-09-19T12:39:41+00:00","og_image":[{"width":676,"height":316,"url":"https:\/\/villiger-security.com\/wp-content\/uploads\/Image_1.png","type":"image\/png"}],"author":"stephan","twitter_card":"summary_large_image","twitter_misc":{"Verfasst von":"stephan","Gesch\u00e4tzte Lesezeit":"4\u00a0Minuten"},"schema":{"@context":"https:\/\/schema.org","@graph":[{"@type":"Article","@id":"https:\/\/villiger-security.com\/de\/villiger-wird-nicht-an-der-security-essen-2022-teilnehmen\/#article","isPartOf":{"@id":"https:\/\/villiger-security.com\/de\/villiger-wird-nicht-an-der-security-essen-2022-teilnehmen\/"},"author":{"name":"stephan","@id":"https:\/\/villiger-security.com\/de\/#\/schema\/person\/64b3b88810c9621001f9d3096f0f072f"},"headline":"VILLIGER wird nicht an der Security Essen 2022 teilnehmen","datePublished":"2022-09-12T14:31:16+00:00","dateModified":"2022-09-19T12:39:41+00:00","mainEntityOfPage":{"@id":"https:\/\/villiger-security.com\/de\/villiger-wird-nicht-an-der-security-essen-2022-teilnehmen\/"},"wordCount":744,"image":{"@id":"https:\/\/villiger-security.com\/de\/villiger-wird-nicht-an-der-security-essen-2022-teilnehmen\/#primaryimage"},"thumbnailUrl":"https:\/\/villiger-security.com\/wp-content\/uploads\/Image_1.png","articleSection":["Cash Industry","Economy"],"inLanguage":"de"},{"@type":"WebPage","@id":"https:\/\/villiger-security.com\/de\/villiger-wird-nicht-an-der-security-essen-2022-teilnehmen\/","url":"https:\/\/villiger-security.com\/de\/villiger-wird-nicht-an-der-security-essen-2022-teilnehmen\/","name":"VILLIGER wird nicht an der Security Essen 2022 teilnehmen - Villiger Security Solutions AG","isPartOf":{"@id":"https:\/\/villiger-security.com\/de\/#website"},"primaryImageOfPage":{"@id":"https:\/\/villiger-security.com\/de\/villiger-wird-nicht-an-der-security-essen-2022-teilnehmen\/#primaryimage"},"image":{"@id":"https:\/\/villiger-security.com\/de\/villiger-wird-nicht-an-der-security-essen-2022-teilnehmen\/#primaryimage"},"thumbnailUrl":"https:\/\/villiger-security.com\/wp-content\/uploads\/Image_1.png","datePublished":"2022-09-12T14:31:16+00:00","dateModified":"2022-09-19T12:39:41+00:00","author":{"@id":"https:\/\/villiger-security.com\/de\/#\/schema\/person\/64b3b88810c9621001f9d3096f0f072f"},"breadcrumb":{"@id":"https:\/\/villiger-security.com\/de\/villiger-wird-nicht-an-der-security-essen-2022-teilnehmen\/#breadcrumb"},"inLanguage":"de","potentialAction":[{"@type":"ReadAction","target":["https:\/\/villiger-security.com\/de\/villiger-wird-nicht-an-der-security-essen-2022-teilnehmen\/"]}]},{"@type":"ImageObject","inLanguage":"de","@id":"https:\/\/villiger-security.com\/de\/villiger-wird-nicht-an-der-security-essen-2022-teilnehmen\/#primaryimage","url":"https:\/\/villiger-security.com\/wp-content\/uploads\/Image_1.png","contentUrl":"https:\/\/villiger-security.com\/wp-content\/uploads\/Image_1.png","width":676,"height":316},{"@type":"BreadcrumbList","@id":"https:\/\/villiger-security.com\/de\/villiger-wird-nicht-an-der-security-essen-2022-teilnehmen\/#breadcrumb","itemListElement":[{"@type":"ListItem","position":1,"name":"Home","item":"https:\/\/villiger-security.com\/de\/"},{"@type":"ListItem","position":2,"name":"VILLIGER wird nicht an der Security Essen 2022 teilnehmen"}]},{"@type":"WebSite","@id":"https:\/\/villiger-security.com\/de\/#website","url":"https:\/\/villiger-security.com\/de\/","name":"Villiger Security Solutions AG","description":"Innovate the future of cash","potentialAction":[{"@type":"SearchAction","target":{"@type":"EntryPoint","urlTemplate":"https:\/\/villiger-security.com\/de\/?s={search_term_string}"},"query-input":{"@type":"PropertyValueSpecification","valueRequired":true,"valueName":"search_term_string"}}],"inLanguage":"de"},{"@type":"Person","@id":"https:\/\/villiger-security.com\/de\/#\/schema\/person\/64b3b88810c9621001f9d3096f0f072f","name":"stephan","image":{"@type":"ImageObject","inLanguage":"de","@id":"https:\/\/villiger-security.com\/de\/#\/schema\/person\/image\/","url":"https:\/\/secure.gravatar.com\/avatar\/cc4e473507d83da028e599dc439aea9c9e9c75a5511e3ca93ba8360b7278b8b3?s=96&d=mm&r=g","contentUrl":"https:\/\/secure.gravatar.com\/avatar\/cc4e473507d83da028e599dc439aea9c9e9c75a5511e3ca93ba8360b7278b8b3?s=96&d=mm&r=g","caption":"stephan"},"url":"https:\/\/villiger-security.com\/de\/author\/stephan\/"}]}},"_links":{"self":[{"href":"https:\/\/villiger-security.com\/de\/wp-json\/wp\/v2\/posts\/3571","targetHints":{"allow":["GET"]}}],"collection":[{"href":"https:\/\/villiger-security.com\/de\/wp-json\/wp\/v2\/posts"}],"about":[{"href":"https:\/\/villiger-security.com\/de\/wp-json\/wp\/v2\/types\/post"}],"author":[{"embeddable":true,"href":"https:\/\/villiger-security.com\/de\/wp-json\/wp\/v2\/users\/2"}],"replies":[{"embeddable":true,"href":"https:\/\/villiger-security.com\/de\/wp-json\/wp\/v2\/comments?post=3571"}],"version-history":[{"count":0,"href":"https:\/\/villiger-security.com\/de\/wp-json\/wp\/v2\/posts\/3571\/revisions"}],"wp:featuredmedia":[{"embeddable":true,"href":"https:\/\/villiger-security.com\/de\/wp-json\/wp\/v2\/media\/3537"}],"wp:attachment":[{"href":"https:\/\/villiger-security.com\/de\/wp-json\/wp\/v2\/media?parent=3571"}],"wp:term":[{"taxonomy":"category","embeddable":true,"href":"https:\/\/villiger-security.com\/de\/wp-json\/wp\/v2\/categories?post=3571"},{"taxonomy":"post_tag","embeddable":true,"href":"https:\/\/villiger-security.com\/de\/wp-json\/wp\/v2\/tags?post=3571"}],"curies":[{"name":"wp","href":"https:\/\/api.w.org\/{rel}","templated":true}]}}